{"id":53,"date":"2026-06-23T15:44:05","date_gmt":"2026-06-23T15:44:05","guid":{"rendered":"https:\/\/chant-aubiere.org\/?p=53"},"modified":"2026-06-23T19:44:06","modified_gmt":"2026-06-23T19:44:06","slug":"concert-du-27-mars-2026","status":"publish","type":"post","link":"https:\/\/chant-aubiere.org\/index.php\/2026\/06\/23\/concert-du-27-mars-2026\/","title":{"rendered":"Concert du 27 mars 2026"},"content":{"rendered":"\n<p class=\"wp-block-paragraph\"><\/p>\n\n\n\n<p class=\"wp-block-paragraph\">Le 27 mars 2026 au Carr\u00e9 des Arts, &nbsp;les chorales Vocaly et Chant\u2019Aubi\u00e8re sous la baguette de Jean Yves Pillet , Chef de ch\u0153ur des deux formations , ont pr\u00e9sent\u00e9 dans le cadre de \u00ab&nbsp;Mille Ch\u0153urs pour un regard&nbsp;\u00bb leur concert de printemps <strong>au<\/strong> <strong>profit de la Recherche M\u00e9dicale en Ophtalmologie.<\/strong><\/p>\n\n\n\n<p class=\"wp-block-paragraph\">Ce concert a d\u00e9but\u00e9 par Vocaly avec trois morceaux classiques D.Bortnianski&nbsp;&nbsp; W.A.Mozart et un Negro-spiritual pour enchainer avec de la vari\u00e9t\u00e9&nbsp;: G.Brassens (chanson pour l\u2019Auvergnat) S. Gainsbourg (un violon un jambon) et Je reviens chez nous de JP. Ferland.<\/p>\n\n\n\n<p class=\"wp-block-paragraph\">Chant\u2019Aubi\u00e8re a pris le relais avec Heilig de F. Schubert, La Nuit de JP. Rameau&nbsp;, un Gospell en italien de F. Giardini et une polym\u00e9lodie sur Les Moulins de mon C\u0153ur de Michel Legrand .<\/p>\n\n\n\n<p class=\"wp-block-paragraph\">Niel Pouzet choriste et pianiste non voyante a interpr\u00e9t\u00e9 une pi\u00e8ce pour piano&nbsp; &nbsp;\u00ab&nbsp; Des Pays Etranges&nbsp;\u00bb de R. Schumann. Puis pour clore cette soir\u00e9e les deux chorales ont entonn\u00e9 un negro-spiritual , la chanson &nbsp;Le Vagabond, et De l\u2019Hiver \u00e0 la moisson deux chants tr\u00e8s toniques&nbsp;!<\/p>\n\n\n\n<p class=\"wp-block-paragraph\">Enfin l\u2019ensemble des chanteurs ont interpr\u00e9t\u00e9 la chanson \u00ab&nbsp;Fil Rouge de RETINA France&nbsp;\u00bb cette ann\u00e9e \u00ab&nbsp;SE REVOIR&nbsp;\u00bb une polym\u00e9lodie de Wilfried BUSAALL.<\/p>\n\n\n\n<p class=\"wp-block-paragraph\">Ce concert \u00e9tait accompagn\u00e9 au piano par Yido WANG&nbsp;.<\/p>\n\n\n\n<p class=\"wp-block-paragraph\">En bonus, un moment de d\u00e9tente&nbsp; avec L\u2019apprenti&nbsp; Pastouriau une ronde villageoise (avec la tunique et les sabots d\u2019Annie&nbsp;! )&nbsp; repris par le public.<\/p>\n\n\n\n<p class=\"wp-block-paragraph\">Une tr\u00e8s belle soir\u00e9e.<\/p>\n","protected":false},"excerpt":{"rendered":"<p>Le 27 mars 2026 au Carr\u00e9 des Arts, &nbsp;les chorales Vocaly et Chant\u2019Aubi\u00e8re sous la baguette de Jean Yves Pillet , Chef de ch\u0153ur des deux formations , ont pr\u00e9sent\u00e9 dans le cadre de \u00ab&nbsp;Mille Ch\u0153urs pour un regard&nbsp;\u00bb leur concert de printemps au profit de la Recherche M\u00e9dicale en &hellip;<\/p>\n","protected":false},"author":3,"featured_media":48,"comment_status":"closed","ping_status":"closed","sticky":false,"template":"","format":"standard","meta":{"_uag_custom_page_level_css":"","footnotes":""},"categories":[6],"tags":[],"class_list":["post-53","post","type-post","status-publish","format-standard","has-post-thumbnail","hentry","category-concerts"],"uagb_featured_image_src":{"full":["https:\/\/chant-aubiere.org\/wp-content\/uploads\/2026\/06\/PHOTO-CONCERT-MARS-2026-scaled-e1782501576479.jpg",2380,1360,false],"thumbnail":["https:\/\/chant-aubiere.org\/wp-content\/uploads\/2026\/06\/PHOTO-CONCERT-MARS-2026-scaled-e1782501576479-150x150.jpg",150,150,true],"medium":["https:\/\/chant-aubiere.org\/wp-content\/uploads\/2026\/06\/PHOTO-CONCERT-MARS-2026-scaled-e1782501576479-300x171.jpg",300,171,true],"medium_large":["https:\/\/chant-aubiere.org\/wp-content\/uploads\/2026\/06\/PHOTO-CONCERT-MARS-2026-scaled-e1782501576479-768x439.jpg",768,439,true],"large":["https:\/\/chant-aubiere.org\/wp-content\/uploads\/2026\/06\/PHOTO-CONCERT-MARS-2026-scaled-e1782501576479-1024x585.jpg",1024,585,true],"1536x1536":["https:\/\/chant-aubiere.org\/wp-content\/uploads\/2026\/06\/PHOTO-CONCERT-MARS-2026-scaled-e1782501576479-1536x878.jpg",1536,878,true],"2048x2048":["https:\/\/chant-aubiere.org\/wp-content\/uploads\/2026\/06\/PHOTO-CONCERT-MARS-2026-scaled-e1782501576479-2048x1170.jpg",2048,1170,true],"post-thumbnail":["https:\/\/chant-aubiere.org\/wp-content\/uploads\/2026\/06\/PHOTO-CONCERT-MARS-2026-scaled-e1782501576479-612x350.jpg",612,350,true],"kahuna-featured":["https:\/\/chant-aubiere.org\/wp-content\/uploads\/2026\/06\/PHOTO-CONCERT-MARS-2026-scaled-e1782501576479-649x350.jpg",649,350,true],"kahuna-featured-lp":["https:\/\/chant-aubiere.org\/wp-content\/uploads\/2026\/06\/PHOTO-CONCERT-MARS-2026-scaled-e1782501576479-690x350.jpg",690,350,true],"kahuna-featured-half":["https:\/\/chant-aubiere.org\/wp-content\/uploads\/2026\/06\/PHOTO-CONCERT-MARS-2026-scaled-e1782501576479-800x350.jpg",800,350,true],"kahuna-featured-third":["https:\/\/chant-aubiere.org\/wp-content\/uploads\/2026\/06\/PHOTO-CONCERT-MARS-2026-scaled-e1782501576479-512x350.jpg",512,350,true],"kahuna-lpbox-1":["https:\/\/chant-aubiere.org\/wp-content\/uploads\/2026\/06\/PHOTO-CONCERT-MARS-2026-scaled-e1782501576479-460x350.jpg",460,350,true],"kahuna-lpbox-2":["https:\/\/chant-aubiere.org\/wp-content\/uploads\/2026\/06\/PHOTO-CONCERT-MARS-2026-scaled-e1782501576479-480x400.jpg",480,400,true]},"uagb_author_info":{"display_name":"THERESE PIONNIER","author_link":"https:\/\/chant-aubiere.org\/index.php\/author\/tmingonyahoo-fr\/"},"uagb_comment_info":0,"uagb_excerpt":"Le 27 mars 2026 au Carr\u00e9 des Arts, &nbsp;les chorales Vocaly et Chant\u2019Aubi\u00e8re sous la baguette de Jean Yves Pillet , Chef de ch\u0153ur des deux formations , ont pr\u00e9sent\u00e9 dans le cadre de \u00ab&nbsp;Mille Ch\u0153urs pour un regard&nbsp;\u00bb leur concert de printemps au profit de la Recherche M\u00e9dicale en &hellip;","_links":{"self":[{"href":"https:\/\/chant-aubiere.org\/index.php\/wp-json\/wp\/v2\/posts\/53","targetHints":{"allow":["GET"]}}],"collection":[{"href":"https:\/\/chant-aubiere.org\/index.php\/wp-json\/wp\/v2\/posts"}],"about":[{"href":"https:\/\/chant-aubiere.org\/index.php\/wp-json\/wp\/v2\/types\/post"}],"author":[{"embeddable":true,"href":"https:\/\/chant-aubiere.org\/index.php\/wp-json\/wp\/v2\/users\/3"}],"replies":[{"embeddable":true,"href":"https:\/\/chant-aubiere.org\/index.php\/wp-json\/wp\/v2\/comments?post=53"}],"version-history":[{"count":2,"href":"https:\/\/chant-aubiere.org\/index.php\/wp-json\/wp\/v2\/posts\/53\/revisions"}],"predecessor-version":[{"id":68,"href":"https:\/\/chant-aubiere.org\/index.php\/wp-json\/wp\/v2\/posts\/53\/revisions\/68"}],"wp:featuredmedia":[{"embeddable":true,"href":"https:\/\/chant-aubiere.org\/index.php\/wp-json\/wp\/v2\/media\/48"}],"wp:attachment":[{"href":"https:\/\/chant-aubiere.org\/index.php\/wp-json\/wp\/v2\/media?parent=53"}],"wp:term":[{"taxonomy":"category","embeddable":true,"href":"https:\/\/chant-aubiere.org\/index.php\/wp-json\/wp\/v2\/categories?post=53"},{"taxonomy":"post_tag","embeddable":true,"href":"https:\/\/chant-aubiere.org\/index.php\/wp-json\/wp\/v2\/tags?post=53"}],"curies":[{"name":"wp","href":"https:\/\/api.w.org\/{rel}","templated":true}]}}